{"id":6498,"date":"2025-05-19T09:56:19","date_gmt":"2025-05-19T09:56:19","guid":{"rendered":"https:\/\/bebalmy.com\/?p=6498"},"modified":"2026-07-29T23:52:01","modified_gmt":"2026-07-29T23:52:01","slug":"de-turistico-a-temporal-la-alternativa-legal-si-no-puedes-inscribirte-en-el-nuevo-registro","status":"publish","type":"post","link":"https:\/\/bebalmy.com\/en\/blog\/licencias-y-normativa\/de-turistico-a-temporal-la-alternativa-legal-si-no-puedes-inscribirte-en-el-nuevo-registro\/","title":{"rendered":"From Tourist to Temporary: The Legal Alternative If You Can't Register in the New System"},"content":{"rendered":"<div class=\"gb-container gb-container-e673fbe7\"><div class=\"gb-inside-container\">\n\n<p class=\"has-global-color-12-color has-text-color wp-block-paragraph\">A partir del 1 de julio de 2025, muchos propietarios se enfrentan a un nuevo escenario legal: <strong>el Registro \u00danico de Viviendas de Uso Tur\u00edstico<\/strong> entra en vigor y ser\u00e1 obligatorio estar inscrito para poder anunciar tu alojamiento en plataformas como Airbnb o Booking. \u00bfEl problema? No todos los propietarios tienen licencia tur\u00edstica o cumplen con los requisitos exigidos. Pero no todo est\u00e1 perdido: existe una alternativa legal y viable para seguir rentabilizando tu vivienda \u2014 <strong>el alquiler de temporada<\/strong>, siempre que puedas acreditar <a href=\"https:\/\/bebalmy.com\/blog\/licencias-y-normativa\/motivos-validos-para-un-alquiler-temporal\/\">motivos v\u00e1lidos para un alquiler temporal<\/a>.<br><\/p>\n\n\n\n<p class=\"wp-block-paragraph\"><p style=\"border-left:4px solid #c9a227;background-color:#fff8e1;padding:14px 18px\"><strong>Actualizaci\u00f3n 29 de julio de 2026:<\/strong> el Tribunal Supremo anul\u00f3 el 19 de mayo de 2026 (sentencia 620\/2026) el Registro \u00danico estatal (NRUA) que se menciona en este art\u00edculo, por invasi\u00f3n de competencias auton\u00f3micas. Ya no es obligatorio tramitarlo. Lo que sigue vigente es tu <strong>licencia tur\u00edstica auton\u00f3mica<\/strong>. Te lo explicamos con detalle en <a href=\"https:\/\/bebalmy.com\/blog\/supremo-anula-registro-unico-alquiler-turistico-2026\/\">este art\u00edculo<\/a>.<\/p><\/p>\n\n\n\n<h2 class=\"gb-headline gb-headline-3155fb6e gb-headline-text\"><strong><strong><strong><strong><strong><strong><strong><strong>\u00bfCu\u00e1l es la diferencia entre alquiler tur\u00edstico y alquiler de temporada?<\/strong><\/strong><\/strong><\/strong><\/strong><\/strong><\/strong><\/strong><\/h2>\n\n\n\n<h3 class=\"wp-block-heading\"><strong>Alquiler tur\u00edstico:<\/strong><\/h3>\n\n\n\n<p class=\"wp-block-paragraph\"> Es aquel que se ofrece <strong>por d\u00edas o semanas a personas que vienen por ocio o vacaciones<\/strong>. La estancia debe ser <strong>de corta duraci\u00f3n<\/strong>, y la vivienda se publicita en plataformas destinadas a ese fin. Suele incluir servicios como limpieza, ropa de cama, recepci\u00f3n, etc.<br>\ud83d\udd12 <strong>Requiere licencia tur\u00edstica<\/strong> y estar registrada como VUT (vivienda de uso tur\u00edstico) ante la comunidad aut\u00f3noma correspondiente.<\/p>\n\n\n\n<h3 class=\"wp-block-heading\"><strong>Alquiler de temporada:<\/strong><\/h3>\n\n\n\n<p class=\"wp-block-paragraph\"> Es un alquiler <strong>por un tiempo limitado pero no necesariamente corto<\/strong>, <strong>por razones distintas al turismo<\/strong>, como motivos laborales, m\u00e9dicos, estudios, reformas en su vivienda habitual, etc.<br>\ud83d\udcc4 <strong>No requiere licencia tur\u00edstica<\/strong>, pero s\u00ed un <strong>contrato de arrendamiento de temporada<\/strong>, con justificaci\u00f3n del motivo del inquilino.<\/p>\n\n\n\n<h2 class=\"wp-block-heading\"><strong><strong><strong>\u00bfHay una duraci\u00f3n m\u00ednima para considerar un alquiler como \u201cde temporada\u201d?<\/strong><\/strong><\/strong><\/h2>\n\n\n\n<p class=\"wp-block-paragraph\">La clave <strong>no est\u00e1 solo en la duraci\u00f3n<\/strong>, sino en <strong>la motivaci\u00f3n del inquilino<\/strong>. Puedes alquilar por un mes o dos semanas, pero si es por motivos tur\u00edsticos, seguir\u00e1 siendo considerado alquiler vacacional.<\/p>\n\n\n\n<p class=\"wp-block-paragraph\">\ud83d\udca1 Para estar dentro del marco legal de \u201ctemporal\u201d, <strong>debe quedar acreditado en el contrato el motivo no vacacional de la estancia<\/strong> (y guardar pruebas si es posible: carta de empresa, matr\u00edcula universitaria, etc.).<br><\/p>\n\n\n<div class=\"wp-block-image\">\n<figure class=\"aligncenter size-large is-resized\"><img fetchpriority=\"high\" decoding=\"async\" width=\"1024\" height=\"433\" src=\"https:\/\/bebalmy.com\/wp-content\/uploads\/2025\/05\/De-turistico-a-temporal_2-1024x433.jpg\" alt=\"De tur\u00edstico a temporal\" class=\"wp-image-6502\" style=\"width:951px;height:auto\" srcset=\"https:\/\/bebalmy.com\/wp-content\/uploads\/2025\/05\/De-turistico-a-temporal_2-1024x433.jpg 1024w, https:\/\/bebalmy.com\/wp-content\/uploads\/2025\/05\/De-turistico-a-temporal_2-300x127.jpg 300w, https:\/\/bebalmy.com\/wp-content\/uploads\/2025\/05\/De-turistico-a-temporal_2-768x325.jpg 768w, https:\/\/bebalmy.com\/wp-content\/uploads\/2025\/05\/De-turistico-a-temporal_2-1536x650.jpg 1536w, https:\/\/bebalmy.com\/wp-content\/uploads\/2025\/05\/De-turistico-a-temporal_2-2048x867.jpg 2048w\" sizes=\"(max-width: 1024px) 100vw, 1024px\" \/><\/figure>\n<\/div>\n\n\n<p class=\"wp-block-paragraph\"><\/p>\n\n\n\n<h2 class=\"gb-headline gb-headline-15393aa5 gb-headline-text\"><strong><strong><strong><strong><strong><strong><strong><strong><strong>\u00bfQu\u00e9 debes tener en cuenta si decides cambiar a alquiler de temporada?<\/strong><\/strong><\/strong><\/strong><\/strong><\/strong><\/strong><\/strong><\/strong><\/h2>\n\n\n<div class=\"gb-container gb-container-301b447d\">\n\n<p class=\"wp-block-paragraph\">\u2705 Formaliza siempre un contrato de arrendamiento de temporada.<\/p>\n\n\n\n<p class=\"wp-block-paragraph\">\u2705 Indica claramente el motivo de la estancia del inquilino<strong>.<\/strong><\/p>\n\n\n\n<p class=\"wp-block-paragraph\">\u2705 Evita publicitar la vivienda como \u201cvacacional\u201d o \u201ctur\u00edstica\u201d.<\/p>\n\n\n\n<p class=\"wp-block-paragraph\">\u2705 No ofrezcas servicios t\u00edpicos del turismo, como limpieza diaria o actividades.<\/p>\n\n<\/div>\n\n\n<h2 class=\"wp-block-heading\"><strong><strong><strong><strong><strong><br><strong><strong><strong><strong><strong><strong><strong><strong><strong><strong><strong><strong><strong>\u00bfY c\u00f3mo puedes seguir anunciando tu vivienda?<\/strong><\/strong><\/strong><\/strong><\/strong><\/strong><\/strong><\/strong><\/strong><\/strong><\/strong><\/strong><\/strong><\/strong><\/strong><\/strong><\/strong><\/strong><\/h2>\n\n\n\n<p class=\"wp-block-paragraph\">Con la entrada del <strong>Registro Estatal de Viviendas Tur\u00edsticas<\/strong>, muchas plataformas como Airbnb exigir\u00e1n el n\u00famero de registro para poder seguir publicando el anuncio.<\/p>\n\n\n\n<p class=\"wp-block-paragraph\"><br>Si decides pasarte al alquiler de temporada:<\/p>\n\n\n\n<ul class=\"wp-block-list\">\n<li>Puedes seguir usando plataformas como Idealista o incluso Airbnb y Booking, pero indicando que se trata de <strong>estancias por motivos laborales o personales<\/strong>, no vacaciones, y acreditando el n\u00famero de registro \u00fanico para alquiler no-tur\u00edstico o temporal, que forma parte del <a href=\"https:\/\/bebalmy.com\/blog\/licencias-y-normativa\/nuevo-registro-unico-para-viviendas-turisticas-que-debes-saber\/\">registro \u00fanico de viviendas tur\u00edsticas<\/a>.<\/li>\n\n\n\n<li>Aseg\u00farate de que <strong>las descripciones <\/strong>y fotograf\u00edas<strong> <\/strong>no den a entender que es un alojamiento tur\u00edstico.<\/li>\n<\/ul>\n\n\n<div class=\"gb-container gb-container-37408c20\"><div class=\"gb-inside-container\">\n<div class=\"wp-block-image\">\n<figure class=\"aligncenter size-full is-resized\"><img decoding=\"async\" width=\"2560\" height=\"1448\" src=\"https:\/\/bebalmy.com\/wp-content\/uploads\/2025\/05\/De-turistico-a-temporal_3-scaled.jpg\" alt=\"De tur\u00edstico a temporal\" class=\"wp-image-6504\" style=\"width:798px;height:auto\" srcset=\"https:\/\/bebalmy.com\/wp-content\/uploads\/2025\/05\/De-turistico-a-temporal_3-scaled.jpg 2560w, https:\/\/bebalmy.com\/wp-content\/uploads\/2025\/05\/De-turistico-a-temporal_3-300x170.jpg 300w, https:\/\/bebalmy.com\/wp-content\/uploads\/2025\/05\/De-turistico-a-temporal_3-1024x579.jpg 1024w, https:\/\/bebalmy.com\/wp-content\/uploads\/2025\/05\/De-turistico-a-temporal_3-768x434.jpg 768w, https:\/\/bebalmy.com\/wp-content\/uploads\/2025\/05\/De-turistico-a-temporal_3-1536x869.jpg 1536w, https:\/\/bebalmy.com\/wp-content\/uploads\/2025\/05\/De-turistico-a-temporal_3-2048x1158.jpg 2048w\" sizes=\"(max-width: 2560px) 100vw, 2560px\" \/><figcaption class=\"wp-element-caption\"><br><\/figcaption><\/figure>\n<\/div>\n<\/div><\/div>\n\n\n<h2 class=\"wp-block-heading\">Preguntas frecuentes<\/h2>\n\n\n\n<div class=\"schema-faq wp-block-yoast-faq-block\"><div class=\"schema-faq-section\" id=\"faq-question-1784743451041-0\"><strong class=\"schema-faq-question\">\u00bfHay una duraci\u00f3n m\u00ednima para considerar un alquiler como de temporada?<\/strong> <p class=\"schema-faq-answer\">La clave no est\u00e1 solo en la duraci\u00f3n, sino en la motivaci\u00f3n del inquilino. Puedes alquilar por un mes o dos semanas, pero si es por motivos tur\u00edsticos, seguir\u00e1 siendo considerado alquiler vacacional, no de temporada.<\/p> <\/div> <div class=\"schema-faq-section\" id=\"faq-question-1784743451041-1\"><strong class=\"schema-faq-question\">\u00bfC\u00f3mo puedes seguir anunciando tu vivienda tras el nuevo registro?<\/strong> <p class=\"schema-faq-answer\">Con la entrada del registro, plataformas como Airbnb exigir\u00e1n el n\u00famero de registro para poder seguir publicando el anuncio. Si te pasas al alquiler de temporada, puedes seguir usando plataformas como Idealista, Airbnb o Booking, siempre indicando que se trata de una estancia por motivos no vacacionales.<\/p> <\/div> <\/div>\n\n\n\n<h2 class=\"gb-headline gb-headline-af847375 gb-headline-text\"><strong><strong><strong><strong>En beBalmy te ayudamos<\/strong><\/strong><\/strong><\/strong><\/h2>\n\n\n\n<p class=\"wp-block-paragraph\">Sabemos que la normativa cambia r\u00e1pido y puede resultar confusa. Si est\u00e1s valorando pasar tu vivienda de uso tur\u00edstico a uso temporal, <strong>en beBalmy podemos ayudarte con el asesoramiento legal, los contratos y la gesti\u00f3n completa de tu propiedad bajo esta modalidad<\/strong>. Y si tu comunidad de vecinos pone objeciones, aqu\u00ed tienes c\u00f3mo <a href=\"https:\/\/bebalmy.com\/blog\/licencias-y-normativa\/como-defender-tu-alquiler-temporal-en-la-reunion-de-vecinos\/\">defender un alquiler temporal en una reuni\u00f3n de vecinos<\/a>.<br><\/p>\n\n\n\n<p class=\"wp-block-paragraph\">Puedes contactarnos <strong>a trav\u00e9s de este formulario, o mandar un <a href=\"https:\/\/api.whatsapp.com\/send?phone=0034624626615\">mensaje de WhatsApp<\/a><\/strong>.<\/p>\n\n<\/div><\/div>\n\n<div class=\"gb-container gb-container-aee7a10c\" id=\"cont\u00e1ctanos\"><div class=\"gb-inside-container\">\n<script>\nvar gform;gform||(document.addEventListener(\"gform_main_scripts_loaded\",function(){gform.scriptsLoaded=!0}),document.addEventListener(\"gform\/theme\/scripts_loaded\",function(){gform.themeScriptsLoaded=!0}),window.addEventListener(\"DOMContentLoaded\",function(){gform.domLoaded=!0}),gform={domLoaded:!1,scriptsLoaded:!1,themeScriptsLoaded:!1,isFormEditor:()=>\"function\"==typeof InitializeEditor,callIfLoaded:function(o){return!(!gform.domLoaded||!gform.scriptsLoaded||!gform.themeScriptsLoaded&&!gform.isFormEditor()||(gform.isFormEditor()&&console.warn(\"The use of gform.initializeOnLoaded() is deprecated in the form editor context and will be removed in Gravity Forms 3.1.\"),o(),0))},initializeOnLoaded:function(o){gform.callIfLoaded(o)||(document.addEventListener(\"gform_main_scripts_loaded\",()=>{gform.scriptsLoaded=!0,gform.callIfLoaded(o)}),document.addEventListener(\"gform\/theme\/scripts_loaded\",()=>{gform.themeScriptsLoaded=!0,gform.callIfLoaded(o)}),window.addEventListener(\"DOMContentLoaded\",()=>{gform.domLoaded=!0,gform.callIfLoaded(o)}))},hooks:{action:{},filter:{}},addAction:function(o,r,e,t){gform.addHook(\"action\",o,r,e,t)},addFilter:function(o,r,e,t){gform.addHook(\"filter\",o,r,e,t)},doAction:function(o){gform.doHook(\"action\",o,arguments)},applyFilters:function(o){return gform.doHook(\"filter\",o,arguments)},removeAction:function(o,r){gform.removeHook(\"action\",o,r)},removeFilter:function(o,r,e){gform.removeHook(\"filter\",o,r,e)},addHook:function(o,r,e,t,n){null==gform.hooks[o][r]&&(gform.hooks[o][r]=[]);var d=gform.hooks[o][r];null==n&&(n=r+\"_\"+d.length),gform.hooks[o][r].push({tag:n,callable:e,priority:t=null==t?10:t})},doHook:function(r,o,e){var t;if(e=Array.prototype.slice.call(e,1),null!=gform.hooks[r][o]&&((o=gform.hooks[r][o]).sort(function(o,r){return o.priority-r.priority}),o.forEach(function(o){\"function\"!=typeof(t=o.callable)&&(t=window[t]),\"action\"==r?t.apply(null,e):e[0]=t.apply(null,e)})),\"filter\"==r)return e[0]},removeHook:function(o,r,t,n){var e;null!=gform.hooks[o][r]&&(e=(e=gform.hooks[o][r]).filter(function(o,r,e){return!!(null!=n&&n!=o.tag||null!=t&&t!=o.priority)}),gform.hooks[o][r]=e)}});\n<\/script>\n\n                <div class='gf_browser_gecko gform_wrapper gravity-theme gform-theme--no-framework' data-form-theme='gravity-theme' data-form-index='0' id='gform_wrapper_1' >\n                        <div class='gform_heading'>\n\t\t\t\t\t\t\t<p class='gform_required_legend'>&quot;<span class=\"gfield_required gfield_required_asterisk\">*<\/span>&quot; indicates required fields<\/p>\n                        <\/div><form method='post' enctype='multipart\/form-data'  id='gform_1'  action='\/en\/wp-json\/wp\/v2\/posts\/6498' data-formid='1' novalidate>\n                        <div class='gform-body gform_body'><div id='gform_fields_1' class='gform_fields top_label form_sublabel_below description_below validation_below'><div id=\"field_1_28\" class=\"gfield gfield--type-html gfield--input-type-html gfield--width-full html-text-formu gfield_html gfield_html_formatted gfield_no_follows_desc field_sublabel_below gfield--no-description field_description_below field_validation_below gfield_visibility_visible\"  ><strong>\u00bfTienes alguna duda que quieres resolver?<\/strong> Te animamos a revisar nuestra p\u00e1gina de <strong>Preguntas m\u00e1s Frecuentes<\/strong> clicando <strong><a href=\"https:\/\/bebalmy.com\/faq\/\">AQU\u00cd<\/a><\/strong><\/div><div id=\"field_1_12\" class=\"gfield gfield--type-text gfield--input-type-text gfield--width-half gfield_contains_required field_sublabel_below gfield--no-description field_description_below field_validation_below gfield_visibility_visible\"  ><label class='gfield_label gform-field-label' for='input_1_12'><span class='gform-field-label__text'>Nombre<\/span><span class=\"gfield_required\"><span class=\"gfield_required gfield_required_asterisk\">*<\/span><\/span><\/label><div class='ginput_container ginput_container_text'><input name='input_12' id='input_1_12' type='text' value='' class='large'     aria-required=\"true\" aria-invalid=\"false\"   \/><\/div><\/div><div id=\"field_1_26\" class=\"gfield gfield--type-text gfield--input-type-text gfield--width-half gfield_contains_required field_sublabel_below gfield--no-description field_description_below field_validation_below gfield_visibility_visible\"  ><label class='gfield_label gform-field-label' for='input_1_26'><span class='gform-field-label__text'>Apellidos<\/span><span class=\"gfield_required\"><span class=\"gfield_required gfield_required_asterisk\">*<\/span><\/span><\/label><div class='ginput_container ginput_container_text'><input name='input_26' id='input_1_26' type='text' value='' class='large'     aria-required=\"true\" aria-invalid=\"false\"   \/><\/div><\/div><div id=\"field_1_8\" class=\"gfield gfield--type-phone gfield--input-type-phone gfield--phone-format-international gfield--width-third gfield_contains_required field_sublabel_below gfield--no-description field_description_below field_validation_below gfield_visibility_visible\"  ><label class='gfield_label gform-field-label' for='input_1_8'><span class='gform-field-label__text'>Tel\u00e9fono<\/span><span class=\"gfield_required\"><span class=\"gfield_required gfield_required_asterisk\">*<\/span><\/span><\/label><div class='ginput_container ginput_container_phone'><input name='input_8' id='input_1_8' type='tel' value='' class='large'   aria-required=\"true\" aria-invalid=\"false\"    \/><\/div><\/div><div id=\"field_1_9\" class=\"gfield gfield--type-email gfield--input-type-email gfield--width-two-thirds gfield_contains_required field_sublabel_below gfield--no-description field_description_below field_validation_below gfield_visibility_visible\"  ><label class='gfield_label gform-field-label' for='input_1_9'><span class='gform-field-label__text'>Email<\/span><span class=\"gfield_required\"><span class=\"gfield_required gfield_required_asterisk\">*<\/span><\/span><\/label><div class='ginput_container ginput_container_email'>\n                            <input name='input_9' id='input_1_9' type='email' value='' class='large'    aria-required=\"true\" aria-invalid=\"false\"  \/>\n                        <\/div><\/div><div id=\"field_1_14\" class=\"gfield gfield--type-number gfield--input-type-number gfield--width-half gfield_contains_required field_sublabel_below gfield--no-description field_description_below field_validation_below gfield_visibility_hidden\"  ><div class=\"admin-hidden-markup\"><i class=\"gform-icon gform-icon--hidden\" aria-hidden=\"true\" title=\"This field is hidden when viewing the form\"><\/i><span>This field is hidden when viewing the form<\/span><\/div><label class='gfield_label gform-field-label' for='input_1_14'><span class='gform-field-label__text'>Tama\u00f1o en m2<\/span><span class=\"gfield_required\"><span class=\"gfield_required gfield_required_asterisk\">*<\/span><\/span><\/label><div class='ginput_container ginput_container_number'><input name='input_14' id='input_1_14' type='number' step='any'   value='1' class='large'     aria-required=\"true\" aria-invalid=\"false\"  \/><\/div><\/div><div id=\"field_1_15\" class=\"gfield gfield--type-text gfield--input-type-text gfield--width-half gfield_contains_required field_sublabel_below gfield--no-description field_description_below field_validation_below gfield_visibility_hidden\"  ><div class=\"admin-hidden-markup\"><i class=\"gform-icon gform-icon--hidden\" aria-hidden=\"true\" title=\"This field is hidden when viewing the form\"><\/i><span>This field is hidden when viewing the form<\/span><\/div><label class='gfield_label gform-field-label' for='input_1_15'><span class='gform-field-label__text'>N\u00ba de hu\u00e9spedes<\/span><span class=\"gfield_required\"><span class=\"gfield_required gfield_required_asterisk\">*<\/span><\/span><\/label><div class='ginput_container ginput_container_text'><input name='input_15' id='input_1_15' type='text' value='Oculto' class='large'     aria-required=\"true\" aria-invalid=\"false\"   \/><\/div><\/div><div id=\"field_1_13\" class=\"gfield gfield--type-text gfield--input-type-text gfield--width-two-thirds gfield_contains_required field_sublabel_below gfield--no-description field_description_below field_validation_below gfield_visibility_visible\"  ><label class='gfield_label gform-field-label' for='input_1_13'><span class='gform-field-label__text'>Direcci\u00f3n aproximada<\/span><span class=\"gfield_required\"><span class=\"gfield_required gfield_required_asterisk\">*<\/span><\/span><\/label><div class='ginput_container ginput_container_text'><input name='input_13' id='input_1_13' type='text' value='' class='large'     aria-required=\"true\" aria-invalid=\"false\"   \/><\/div><\/div><div id=\"field_1_18\" class=\"gfield gfield--type-text gfield--input-type-text gfield--width-third gfield_contains_required field_sublabel_below gfield--no-description field_description_below field_validation_below gfield_visibility_visible\"  ><label class='gfield_label gform-field-label' for='input_1_18'><span class='gform-field-label__text'>Localidad<\/span><span class=\"gfield_required\"><span class=\"gfield_required gfield_required_asterisk\">*<\/span><\/span><\/label><div class='ginput_container ginput_container_text'><input name='input_18' id='input_1_18' type='text' value='' class='large'     aria-required=\"true\" aria-invalid=\"false\"   \/><\/div><\/div><div id=\"field_1_22\" class=\"gfield gfield--type-select gfield--input-type-select gfield--width-half gfield_contains_required field_sublabel_below gfield--no-description field_description_below field_validation_below gfield_visibility_visible\"  ><label class='gfield_label gform-field-label' for='input_1_22'><span class='gform-field-label__text'>Situaci\u00f3n de la vivienda<\/span><span class=\"gfield_required\"><span class=\"gfield_required gfield_required_asterisk\">*<\/span><\/span><\/label><div class='ginput_container ginput_container_select'><select name='input_22' id='input_1_22' class='large gfield_select'    aria-required=\"true\" aria-invalid=\"false\" ><option value='' ><\/option><option value='Estoy en proceso de b\u00fasqueda\/compra de la vivienda' >Estoy en proceso de b\u00fasqueda\/compra de la vivienda<\/option><option value='Soy propietario y quiero pasarlo a alquiler vacacional por primera vez' >Soy propietario y quiero pasarlo a alquiler vacacional por primera vez<\/option><option value='Ya est\u00e1 en alquiler vacacional y quiero cambiar de empresa' >Ya est\u00e1 en alquiler vacacional y quiero cambiar de empresa<\/option><\/select><\/div><\/div><div id=\"field_1_23\" class=\"gfield gfield--type-select gfield--input-type-select gfield--width-half gfield_contains_required field_sublabel_below gfield--no-description field_description_below field_validation_below gfield_visibility_visible\"  ><label class='gfield_label gform-field-label' for='input_1_23'><span class='gform-field-label__text'>Tipo de entrada de hu\u00e9spedes<\/span><span class=\"gfield_required\"><span class=\"gfield_required gfield_required_asterisk\">*<\/span><\/span><\/label><div class='ginput_container ginput_container_select'><select name='input_23' id='input_1_23' class='large gfield_select'    aria-required=\"true\" aria-invalid=\"false\" ><option value='' ><\/option><option value='Estoy abiert@ a explorar opciones de entrada aut\u00f3noma para facilitar el acceso a cualquier hora' >Estoy abiert@ a explorar opciones de entrada aut\u00f3noma para facilitar el acceso a cualquier hora<\/option><option value='Es imprescindible que la entrega de llaves sea presencial, no aceptar\u00eda otra opci\u00f3n' >Es imprescindible que la entrega de llaves sea presencial, no aceptar\u00eda otra opci\u00f3n<\/option><\/select><\/div><\/div><div id=\"field_1_16\" class=\"gfield gfield--type-textarea gfield--input-type-textarea gfield--width-full gfield_contains_required field_sublabel_below gfield--no-description field_description_below field_validation_below gfield_visibility_visible\"  ><label class='gfield_label gform-field-label' for='input_1_16'><span class='gform-field-label__text'>Comentarios que nos quieras hacer llegar<\/span><span class=\"gfield_required\"><span class=\"gfield_required gfield_required_asterisk\">*<\/span><\/span><\/label><div class='ginput_container ginput_container_textarea' data-text-counter-max='500' data-text-counter-template='{current} of {max} max characters'><textarea name='input_16' id='input_1_16' class='textarea large'   maxlength='500'  aria-required=\"true\" aria-invalid=\"false\"   rows='10' cols='50'><\/textarea><\/div><\/div><fieldset id=\"field_1_24\" class=\"gfield gfield--type-checkbox gfield--type-choice gfield--input-type-checkbox gfield--width-full form-selcc-hora field_sublabel_below gfield--has-description field_description_above field_validation_below gfield_visibility_hidden gfield--choice-align-vertical\"  ><div class=\"admin-hidden-markup\"><i class=\"gform-icon gform-icon--hidden\" aria-hidden=\"true\" title=\"This field is hidden when viewing the form\"><\/i><span>This field is hidden when viewing the form<\/span><\/div><legend class='gfield_label gform-field-label gfield_label_before_complex' ><span class='gform-field-label__text'>Mejor horario para contactarme<\/span><\/legend><div class='gfield_description' id='gfield_description_1_24'>Selecciona tantos como te vengan bien<\/div><div class='ginput_container ginput_container_checkbox'><div class='gfield_checkbox ' id='input_1_24'><div class='gchoice gchoice_1_24_1'>\n\t\t\t\t\t\t\t\t<input class='gfield-choice-input' name='input_24.1' type='checkbox'  value='9:00 - 12:00' checked='checked' id='choice_1_24_1'   aria-describedby=\"gfield_description_1_24\"\/>\n\t\t\t\t\t\t\t\t<label for='choice_1_24_1' id='label_1_24_1' class='gform-field-label gform-field-label--type-inline'>9:00 &#8211; 12:00<\/label>\n\t\t\t\t\t\t\t<\/div><div class='gchoice gchoice_1_24_2'>\n\t\t\t\t\t\t\t\t<input class='gfield-choice-input' name='input_24.2' type='checkbox'  value='12:00 - 14:00'  id='choice_1_24_2'   \/>\n\t\t\t\t\t\t\t\t<label for='choice_1_24_2' id='label_1_24_2' class='gform-field-label gform-field-label--type-inline'>12:00 &#8211; 14:00<\/label>\n\t\t\t\t\t\t\t<\/div><div class='gchoice gchoice_1_24_3'>\n\t\t\t\t\t\t\t\t<input class='gfield-choice-input' name='input_24.3' type='checkbox'  value='14:00 - 16:00'  id='choice_1_24_3'   \/>\n\t\t\t\t\t\t\t\t<label for='choice_1_24_3' id='label_1_24_3' class='gform-field-label gform-field-label--type-inline'>14:00 &#8211; 16:00<\/label>\n\t\t\t\t\t\t\t<\/div><div class='gchoice gchoice_1_24_4'>\n\t\t\t\t\t\t\t\t<input class='gfield-choice-input' name='input_24.4' type='checkbox'  value='16:00 - 18:00'  id='choice_1_24_4'   \/>\n\t\t\t\t\t\t\t\t<label for='choice_1_24_4' id='label_1_24_4' class='gform-field-label gform-field-label--type-inline'>16:00 &#8211; 18:00<\/label>\n\t\t\t\t\t\t\t<\/div><div class='gchoice gchoice_1_24_5'>\n\t\t\t\t\t\t\t\t<input class='gfield-choice-input' name='input_24.5' type='checkbox'  value='18:00 - 20:00'  id='choice_1_24_5'   \/>\n\t\t\t\t\t\t\t\t<label for='choice_1_24_5' id='label_1_24_5' class='gform-field-label gform-field-label--type-inline'>18:00 &#8211; 20:00<\/label>\n\t\t\t\t\t\t\t<\/div><div class='gchoice gchoice_1_24_6'>\n\t\t\t\t\t\t\t\t<input class='gfield-choice-input' name='input_24.6' type='checkbox'  value='20:00 - 22:00'  id='choice_1_24_6'   \/>\n\t\t\t\t\t\t\t\t<label for='choice_1_24_6' id='label_1_24_6' class='gform-field-label gform-field-label--type-inline'>20:00 &#8211; 22:00<\/label>\n\t\t\t\t\t\t\t<\/div><\/div><\/div><\/fieldset><fieldset id=\"field_1_29\" class=\"gfield gfield--type-consent gfield--type-choice gfield--input-type-consent gfield--width-full field_sublabel_below gfield--no-description field_description_below hidden_label field_validation_below gfield_visibility_visible gfield--choice-align-vertical\"  ><legend class='gfield_label gform-field-label gfield_label_before_complex' ><span class='gform-field-label__text'>Consentimiento Marketing<\/span><\/legend><div class='ginput_container ginput_container_consent'><input name='input_29.1' id='input_1_29_1' type='checkbox' value='1'    aria-invalid=\"false\"   \/> <label class=\"gform-field-label gform-field-label--type-inline gfield_consent_label\" for='input_1_29_1' ><span class='gform-field-label__text'>Acepto recibir comunicaciones de marketing que me mantengan informado\/a sobre las \u00faltimas novedades, consejos \u00fatiles y ofertas personalizadas.<\/span><\/label><input type='hidden' name='input_29.2' value='Acepto recibir comunicaciones de marketing que me mantengan informado\/a sobre las \u00faltimas novedades, consejos \u00fatiles y ofertas personalizadas.' class='gform_hidden' \/><input type='hidden' name='input_29.3' value='1' class='gform_hidden' \/><\/div><\/fieldset><fieldset id=\"field_1_10\" class=\"gfield gfield--type-consent gfield--type-choice gfield--input-type-consent gfield--width-full gfield_contains_required field_sublabel_below gfield--no-description field_description_below hidden_label field_validation_below gfield_visibility_visible gfield--choice-align-vertical\"  ><legend class='gfield_label gform-field-label gfield_label_before_complex' ><span class='gform-field-label__text'>Consentimiento<\/span><span class=\"gfield_required\"><span class=\"gfield_required gfield_required_asterisk\">*<\/span><\/span><\/legend><div class='ginput_container ginput_container_consent'><input name='input_10.1' id='input_1_10_1' type='checkbox' value='1'   aria-required=\"true\" aria-invalid=\"false\"   \/> <label class=\"gform-field-label gform-field-label--type-inline gfield_consent_label\" for='input_1_10_1' ><span class='gform-field-label__text'>Estoy de acuerdo con la <a href=\"\/politica-de-privacidad\/\">Pol\u00edtica de Privacidad<\/a><\/span><span class=\"gfield_required gfield_required_asterisk\">*<\/span><\/label><input type='hidden' name='input_10.2' value='Estoy de acuerdo con la &lt;a href=&quot;\/politica-de-privacidad\/&quot;&gt;Pol\u00edtica de Privacidad&lt;\/a&gt;' class='gform_hidden' \/><input type='hidden' name='input_10.3' value='1' class='gform_hidden' \/><\/div><\/fieldset><div id=\"field_1_17\" class=\"gfield gfield--type-captcha gfield--input-type-captcha gfield--captcha-invisible gfield--width-full be-recapcha field_sublabel_below gfield--no-description field_description_below hidden_label field_validation_below gfield_visibility_visible\"  ><div id='input_1_17' class='ginput_container ginput_recaptcha' data-sitekey='6LfnVzspAAAAAL0ga9dn9CSW9-hY0dSSiwlFaPUl'  data-theme='light' data-tabindex='-1' data-size='invisible' data-badge='bottomright'><\/div><\/div><div id=\"field_1_19\" class=\"gfield gfield--type-text gfield--input-type-text form-colaborador field_sublabel_below gfield--no-description field_description_below hidden_label field_validation_below gfield_visibility_hidden\"  ><div class=\"admin-hidden-markup\"><i class=\"gform-icon gform-icon--hidden\" aria-hidden=\"true\" title=\"This field is hidden when viewing the form\"><\/i><span>This field is hidden when viewing the form<\/span><\/div><label class='gfield_label gform-field-label' for='input_1_19'><span class='gform-field-label__text'>Colaborador<\/span><\/label><div class='ginput_container ginput_container_text'><input name='input_19' id='input_1_19' type='text' value='' class='small'      aria-invalid=\"false\"   \/><\/div><\/div><\/div><\/div>\n        <div class='gform-footer gform_footer top_label'> <button type='submit' id='gform_submit_button_1' class='gform_button button' onclick='gform.submission.handleButtonClick(this);' data-submission-type='submit' >\u00a1Contactadme!<\/button> \n            <input type='hidden' class='gform_hidden' name='gform_submission_method' data-js='gform_submission_method_1' value='postback' \/>\n            <input type='hidden' class='gform_hidden' name='gform_theme' data-js='gform_theme_1' id='gform_theme_1' value='gravity-theme' \/>\n            <input type='hidden' class='gform_hidden' name='gform_style_settings' data-js='gform_style_settings_1' id='gform_style_settings_1' value='{&quot;inputPrimaryColor&quot;:&quot;#204ce5&quot;}' \/>\n            <input type='hidden' class='gform_hidden' name='is_submit_1' value='1' \/>\n            <input type='hidden' class='gform_hidden' name='gform_submit' value='1' \/>\n            \n            <input type='hidden' class='gform_hidden' name='gform_currency' data-currency='USD' value='JLRoGyzaM4gEkIsEDIGa1RIXvFTVO7QUMZrNzV7KViEe6KOVNxixVwEd3V8taLJixqBikE8OUVp\/yEQp3S95OPx2B4WyF8ad+rT+Kr\/YNztW6pE=' \/>\n            <input type='hidden' class='gform_hidden' name='gform_unique_id' value='' \/>\n            <input type='hidden' class='gform_hidden' name='state_1' value='WyJ7XCIyMlwiOltcIjUzYzA3ZWFjMWIwYWE0ZTQ0ZTAxMmNhZDZlN2Y1ODI4XCIsXCI3MGI0ZTg5NDM5OWZhMzNmNjg1NzM4MWQ2YWZiZjViYVwiLFwiYzYyNzU4OTIwMGExOGU3YzIxN2Y5OTAxZmI1OTg2YWNcIixcIjE4YzA4ODFjNjA1ZjAwNWQyODkwMjYwYzRjZjdlMTRlXCJdLFwiMjNcIjpbXCI1M2MwN2VhYzFiMGFhNGU0NGUwMTJjYWQ2ZTdmNTgyOFwiLFwiMjA2YzVlNjAyNjZhYWNmYWMxZmM4M2RiMGZiYWVlYzFcIixcImExY2MzNjFhNGFkNmYyNWFjMzYwOWJiNjI4OTk3OTM3XCJdLFwiMjQuMVwiOlwiNWMxMjM0Y2U5MGUzMWViZmJiZGRmNDBhMDIzN2JhYjFcIixcIjI0LjJcIjpcIjQzZjRmZmNiZGM2MjFhODE4YzFiYTllMjhlMWVjNWE2XCIsXCIyNC4zXCI6XCIwNDk5YjQ1Mzk3Nzg5Nzg4Y2Q4NjFlZTIyODg0MGNhYlwiLFwiMjQuNFwiOlwiMjhiNmJiOTgyNTAxNjZiM2Q5NWRjNjliYzM3YjhiM2VcIixcIjI0LjVcIjpcImQ5NDUxN2Q5OWEzZGQ2NGYwNWE1NDQ5MzBhZTQ5ZDc2XCIsXCIyNC42XCI6XCI5MTU0OThhYzg3ZDgwYTkzZDUxODdkYTY4NjgxNTkwOVwiLFwiMjkuMVwiOlwiMGNhYzk1NmIwMjgzODcwYTcyMzYzMDJlMjZhZGEwNzNcIixcIjI5LjJcIjpcIjc5ZGI0MGM2ODE2MDRjOGI0OGNiNmE1NWQ2NjRkYmQwXCIsXCIyOS4zXCI6XCIwY2FjOTU2YjAyODM4NzBhNzIzNjMwMmUyNmFkYTA3M1wiLFwiMTAuMVwiOlwiMGNhYzk1NmIwMjgzODcwYTcyMzYzMDJlMjZhZGEwNzNcIixcIjEwLjJcIjpcIjlmZmFmYzBlNDY3OGJjMTFmYWQ2OWI0YjlhMmNhN2RjXCIsXCIxMC4zXCI6XCIwY2FjOTU2YjAyODM4NzBhNzIzNjMwMmUyNmFkYTA3M1wiLFwiZ2Zvcm1fc3VibWlzc2lvbl9tZXRob2RcIjpbXCI1ZTIwZWY5YzkyOGFmOWViYjBiN2I4MTc2MTNmZDQ3ZlwiLFwiNWRlMGM3OGNlMTc5YjYxNDA3OWQzZTRlMGNmMDJlYjVcIl0sXCJnZm9ybV90aGVtZVwiOlwiODFlODQ2OWMyOGQ5ODM5NThkOTViNWJlODM2MTIyNjhcIixcImdmb3JtX3N0eWxlX3NldHRpbmdzXCI6XCI2MDlmYTMzYzJkYmYwMzFhNmIyNjYwNTY4MzZmYmVlOFwiLFwiZm9ybV9pZFwiOlwiMGNhYzk1NmIwMjgzODcwYTcyMzYzMDJlMjZhZGEwNzNcIixcInVybFwiOlwiYzU5NDZmNjU5Mjc0NWIyMDA3ZDY5NGJjNGY0OTRlMmVcIixcInN0YXRlX3RpbWVzdGFtcFwiOlwiNTgwMGFjMTIzNDc1ZTI1ZjM5NmJmNmQwOGNkMDQwOGJcIn0iLCI4ZWIzZWJlZjMwODQ5MjFlY2E3YmQ1ODQwNjkyZmM3NyIsMTc4ODYwODk0N10=' \/>\n            <input type='hidden' autocomplete='off' class='gform_hidden' name='gform_target_page_number_1' id='gform_target_page_number_1' value='0' \/>\n            <input type='hidden' autocomplete='off' class='gform_hidden' name='gform_source_page_number_1' id='gform_source_page_number_1' value='1' \/>\n            <input type='hidden' name='gform_field_values' value='' \/>\n            \n        <\/div>\n                        <\/form>\n                        <\/div>\n<\/div><\/div>","protected":false},"excerpt":{"rendered":"<p>Descubre c\u00f3mo pasar tu vivienda a alquiler de temporada y seguir anunci\u00e1ndola legalmente<\/p>","protected":false},"author":1,"featured_media":6503,"comment_status":"closed","ping_status":"closed","sticky":false,"template":"","format":"standard","meta":{"_acf_changed":false,"footnotes":""},"categories":[64],"tags":[20,49],"class_list":["post-6498","post","type-post","status-publish","format-standard","has-post-thumbnail","hentry","category-licencias-y-normativa","tag-alquiler-turistico","tag-alquiler-vacacional","infinite-scroll-item","generate-columns","tablet-grid-50","mobile-grid-100","grid-parent","grid-33","no-featured-image-padding"],"acf":[],"yoast_head":"<!-- This site is optimized with the Yoast SEO plugin v28.2 - https:\/\/yoast.com\/product\/yoast-seo-wordpress\/ -->\n<title>Motivos v\u00e1lidos para alquiler temporal en Espa\u00f1a | Normativa 2025<\/title>\n<meta name=\"description\" content=\"Descubre qu\u00e9 motivos permiten un alquiler temporal en Espa\u00f1a tras la normativa de 2025 y c\u00f3mo justificar la estancia legalmente.\" \/>\n<meta name=\"robots\" content=\"index, follow, max-snippet:-1, max-image-preview:large, max-video-preview:-1\" \/>\n<link rel=\"canonical\" href=\"https:\/\/bebalmy.com\/en\/blog\/licencias-y-normativa\/de-turistico-a-temporal-la-alternativa-legal-si-no-puedes-inscribirte-en-el-nuevo-registro\/\" \/>\n<meta property=\"og:locale\" content=\"en_US\" \/>\n<meta property=\"og:type\" content=\"article\" \/>\n<meta property=\"og:title\" content=\"Motivos v\u00e1lidos para alquiler temporal en Espa\u00f1a | Normativa 2025\" \/>\n<meta property=\"og:description\" content=\"Descubre qu\u00e9 motivos permiten un alquiler temporal en Espa\u00f1a tras la normativa de 2025 y c\u00f3mo justificar la estancia legalmente.\" \/>\n<meta property=\"og:url\" content=\"https:\/\/bebalmy.com\/en\/blog\/licencias-y-normativa\/de-turistico-a-temporal-la-alternativa-legal-si-no-puedes-inscribirte-en-el-nuevo-registro\/\" \/>\n<meta property=\"og:site_name\" content=\"beBalmy\" \/>\n<meta property=\"article:published_time\" content=\"2025-05-19T09:56:19+00:00\" \/>\n<meta property=\"article:modified_time\" content=\"2026-07-29T23:52:01+00:00\" \/>\n<meta property=\"og:image\" content=\"https:\/\/bebalmy.com\/wp-content\/uploads\/2025\/05\/De-turistico-a-temporal_1-scaled.jpg\" \/>\n\t<meta property=\"og:image:width\" content=\"2560\" \/>\n\t<meta property=\"og:image:height\" content=\"1046\" \/>\n\t<meta property=\"og:image:type\" content=\"image\/jpeg\" \/>\n<meta name=\"author\" content=\"Loreto Heres\" \/>\n<meta name=\"twitter:card\" content=\"summary_large_image\" \/>\n<meta name=\"twitter:label1\" content=\"Written by\" \/>\n\t<meta name=\"twitter:data1\" content=\"Loreto Heres\" \/>\n\t<meta name=\"twitter:label2\" content=\"Est. reading time\" \/>\n\t<meta name=\"twitter:data2\" content=\"4 minutes\" \/>\n<!-- \/ Yoast SEO plugin. -->","yoast_head_json":{"title":"Motivos v\u00e1lidos para alquiler temporal en Espa\u00f1a | Normativa 2025","description":"Descubre qu\u00e9 motivos permiten un alquiler temporal en Espa\u00f1a tras la normativa de 2025 y c\u00f3mo justificar la estancia legalmente.","robots":{"index":"index","follow":"follow","max-snippet":"max-snippet:-1","max-image-preview":"max-image-preview:large","max-video-preview":"max-video-preview:-1"},"canonical":"https:\/\/bebalmy.com\/en\/blog\/licencias-y-normativa\/de-turistico-a-temporal-la-alternativa-legal-si-no-puedes-inscribirte-en-el-nuevo-registro\/","og_locale":"en_US","og_type":"article","og_title":"Motivos v\u00e1lidos para alquiler temporal en Espa\u00f1a | Normativa 2025","og_description":"Descubre qu\u00e9 motivos permiten un alquiler temporal en Espa\u00f1a tras la normativa de 2025 y c\u00f3mo justificar la estancia legalmente.","og_url":"https:\/\/bebalmy.com\/en\/blog\/licencias-y-normativa\/de-turistico-a-temporal-la-alternativa-legal-si-no-puedes-inscribirte-en-el-nuevo-registro\/","og_site_name":"beBalmy","article_published_time":"2025-05-19T09:56:19+00:00","article_modified_time":"2026-07-29T23:52:01+00:00","og_image":[{"width":2560,"height":1046,"url":"https:\/\/bebalmy.com\/wp-content\/uploads\/2025\/05\/De-turistico-a-temporal_1-scaled.jpg","type":"image\/jpeg"}],"author":"Loreto Heres","twitter_card":"summary_large_image","twitter_misc":{"Written by":"Loreto Heres","Est. reading time":"4 minutes"},"schema":{"@context":"https:\/\/schema.org","@graph":[{"@type":"Article","@id":"https:\/\/bebalmy.com\/blog\/licencias-y-normativa\/de-turistico-a-temporal-la-alternativa-legal-si-no-puedes-inscribirte-en-el-nuevo-registro\/#article","isPartOf":{"@id":"https:\/\/bebalmy.com\/blog\/licencias-y-normativa\/de-turistico-a-temporal-la-alternativa-legal-si-no-puedes-inscribirte-en-el-nuevo-registro\/"},"author":{"name":"Loreto Heres","@id":"https:\/\/bebalmy.com\/#\/schema\/person\/5953c5cdd6b585b5049a52878c843e37"},"headline":"De tur\u00edstico a temporal: la alternativa legal si no puedes inscribirte en el nuevo registro","datePublished":"2025-05-19T09:56:19+00:00","dateModified":"2026-07-29T23:52:01+00:00","mainEntityOfPage":{"@id":"https:\/\/bebalmy.com\/blog\/licencias-y-normativa\/de-turistico-a-temporal-la-alternativa-legal-si-no-puedes-inscribirte-en-el-nuevo-registro\/"},"wordCount":742,"publisher":{"@id":"https:\/\/bebalmy.com\/#organization"},"image":{"@id":"https:\/\/bebalmy.com\/blog\/licencias-y-normativa\/de-turistico-a-temporal-la-alternativa-legal-si-no-puedes-inscribirte-en-el-nuevo-registro\/#primaryimage"},"thumbnailUrl":"https:\/\/bebalmy.com\/wp-content\/uploads\/2025\/05\/De-turistico-a-temporal_1-scaled.jpg","keywords":["Alquiler tur\u00edstico","alquiler vacacional"],"articleSection":["Licencias y normativa"],"inLanguage":"en-US"},{"@type":["WebPage","FAQPage"],"@id":"https:\/\/bebalmy.com\/blog\/licencias-y-normativa\/de-turistico-a-temporal-la-alternativa-legal-si-no-puedes-inscribirte-en-el-nuevo-registro\/","url":"https:\/\/bebalmy.com\/blog\/licencias-y-normativa\/de-turistico-a-temporal-la-alternativa-legal-si-no-puedes-inscribirte-en-el-nuevo-registro\/","name":"Motivos v\u00e1lidos para alquiler temporal en Espa\u00f1a | Normativa 2025","isPartOf":{"@id":"https:\/\/bebalmy.com\/#website"},"primaryImageOfPage":{"@id":"https:\/\/bebalmy.com\/blog\/licencias-y-normativa\/de-turistico-a-temporal-la-alternativa-legal-si-no-puedes-inscribirte-en-el-nuevo-registro\/#primaryimage"},"image":{"@id":"https:\/\/bebalmy.com\/blog\/licencias-y-normativa\/de-turistico-a-temporal-la-alternativa-legal-si-no-puedes-inscribirte-en-el-nuevo-registro\/#primaryimage"},"thumbnailUrl":"https:\/\/bebalmy.com\/wp-content\/uploads\/2025\/05\/De-turistico-a-temporal_1-scaled.jpg","datePublished":"2025-05-19T09:56:19+00:00","dateModified":"2026-07-29T23:52:01+00:00","description":"Descubre qu\u00e9 motivos permiten un alquiler temporal en Espa\u00f1a tras la normativa de 2025 y c\u00f3mo justificar la estancia legalmente.","breadcrumb":{"@id":"https:\/\/bebalmy.com\/blog\/licencias-y-normativa\/de-turistico-a-temporal-la-alternativa-legal-si-no-puedes-inscribirte-en-el-nuevo-registro\/#breadcrumb"},"mainEntity":[{"@id":"https:\/\/bebalmy.com\/blog\/licencias-y-normativa\/de-turistico-a-temporal-la-alternativa-legal-si-no-puedes-inscribirte-en-el-nuevo-registro\/#faq-question-1784743451041-0"},{"@id":"https:\/\/bebalmy.com\/blog\/licencias-y-normativa\/de-turistico-a-temporal-la-alternativa-legal-si-no-puedes-inscribirte-en-el-nuevo-registro\/#faq-question-1784743451041-1"}],"inLanguage":"en-US","potentialAction":[{"@type":"ReadAction","target":["https:\/\/bebalmy.com\/blog\/licencias-y-normativa\/de-turistico-a-temporal-la-alternativa-legal-si-no-puedes-inscribirte-en-el-nuevo-registro\/"]}]},{"@type":"ImageObject","inLanguage":"en-US","@id":"https:\/\/bebalmy.com\/blog\/licencias-y-normativa\/de-turistico-a-temporal-la-alternativa-legal-si-no-puedes-inscribirte-en-el-nuevo-registro\/#primaryimage","url":"https:\/\/bebalmy.com\/wp-content\/uploads\/2025\/05\/De-turistico-a-temporal_1-scaled.jpg","contentUrl":"https:\/\/bebalmy.com\/wp-content\/uploads\/2025\/05\/De-turistico-a-temporal_1-scaled.jpg","width":2560,"height":1046,"caption":"De tur\u00edstico a temporal"},{"@type":"BreadcrumbList","@id":"https:\/\/bebalmy.com\/blog\/licencias-y-normativa\/de-turistico-a-temporal-la-alternativa-legal-si-no-puedes-inscribirte-en-el-nuevo-registro\/#breadcrumb","itemListElement":[{"@type":"ListItem","position":1,"name":"Portada","item":"https:\/\/bebalmy.com\/"},{"@type":"ListItem","position":2,"name":"De tur\u00edstico a temporal: la alternativa legal si no puedes inscribirte en el nuevo registro"}]},{"@type":"WebSite","@id":"https:\/\/bebalmy.com\/#website","url":"https:\/\/bebalmy.com\/","name":"beBalmy","description":"Gestionamos tu apartamento tur\u00edstico en Madrid","publisher":{"@id":"https:\/\/bebalmy.com\/#organization"},"potentialAction":[{"@type":"SearchAction","target":{"@type":"EntryPoint","urlTemplate":"https:\/\/bebalmy.com\/?s={search_term_string}"},"query-input":{"@type":"PropertyValueSpecification","valueRequired":true,"valueName":"search_term_string"}}],"inLanguage":"en-US"},{"@type":"Organization","@id":"https:\/\/bebalmy.com\/#organization","name":"beBalmy","url":"https:\/\/bebalmy.com\/","logo":{"@type":"ImageObject","inLanguage":"en-US","@id":"https:\/\/bebalmy.com\/#\/schema\/logo\/image\/","url":"https:\/\/bebalmy.com\/wp-content\/uploads\/2026\/03\/beBalmy-logo-dorado-largo-con-texto-negro-pequeno-e1778242385990.png","contentUrl":"https:\/\/bebalmy.com\/wp-content\/uploads\/2026\/03\/beBalmy-logo-dorado-largo-con-texto-negro-pequeno-e1778242385990.png","width":898,"height":343,"caption":"beBalmy"},"image":{"@id":"https:\/\/bebalmy.com\/#\/schema\/logo\/image\/"}},{"@type":"Person","@id":"https:\/\/bebalmy.com\/#\/schema\/person\/5953c5cdd6b585b5049a52878c843e37","name":"Loreto Heres","image":{"@type":"ImageObject","inLanguage":"en-US","@id":"https:\/\/bebalmy.com\/wp-content\/litespeed\/avatar\/666956ac81acbfe04d30eaff8846dfa0.jpg?ver=1788530576","url":"https:\/\/bebalmy.com\/wp-content\/litespeed\/avatar\/666956ac81acbfe04d30eaff8846dfa0.jpg?ver=1788530576","contentUrl":"https:\/\/bebalmy.com\/wp-content\/litespeed\/avatar\/666956ac81acbfe04d30eaff8846dfa0.jpg?ver=1788530576","caption":"Loreto Heres"},"sameAs":["http:\/\/bebalmy.com"],"url":"https:\/\/bebalmy.com\/en\/author\/adm_bebalmy_in\/"},{"@type":"Question","@id":"https:\/\/bebalmy.com\/blog\/licencias-y-normativa\/de-turistico-a-temporal-la-alternativa-legal-si-no-puedes-inscribirte-en-el-nuevo-registro\/#faq-question-1784743451041-0","position":1,"url":"https:\/\/bebalmy.com\/blog\/licencias-y-normativa\/de-turistico-a-temporal-la-alternativa-legal-si-no-puedes-inscribirte-en-el-nuevo-registro\/#faq-question-1784743451041-0","name":"\u00bfHay una duraci\u00f3n m\u00ednima para considerar un alquiler como de temporada?","answerCount":1,"acceptedAnswer":{"@type":"Answer","text":"La clave no est\u00e1 solo en la duraci\u00f3n, sino en la motivaci\u00f3n del inquilino. Puedes alquilar por un mes o dos semanas, pero si es por motivos tur\u00edsticos, seguir\u00e1 siendo considerado alquiler vacacional, no de temporada.","inLanguage":"en-US"},"inLanguage":"en-US"},{"@type":"Question","@id":"https:\/\/bebalmy.com\/blog\/licencias-y-normativa\/de-turistico-a-temporal-la-alternativa-legal-si-no-puedes-inscribirte-en-el-nuevo-registro\/#faq-question-1784743451041-1","position":2,"url":"https:\/\/bebalmy.com\/blog\/licencias-y-normativa\/de-turistico-a-temporal-la-alternativa-legal-si-no-puedes-inscribirte-en-el-nuevo-registro\/#faq-question-1784743451041-1","name":"\u00bfC\u00f3mo puedes seguir anunciando tu vivienda tras el nuevo registro?","answerCount":1,"acceptedAnswer":{"@type":"Answer","text":"Con la entrada del registro, plataformas como Airbnb exigir\u00e1n el n\u00famero de registro para poder seguir publicando el anuncio. Si te pasas al alquiler de temporada, puedes seguir usando plataformas como Idealista, Airbnb o Booking, siempre indicando que se trata de una estancia por motivos no vacacionales.","inLanguage":"en-US"},"inLanguage":"en-US"}]}},"_links":{"self":[{"href":"https:\/\/bebalmy.com\/en\/wp-json\/wp\/v2\/posts\/6498","targetHints":{"allow":["GET"]}}],"collection":[{"href":"https:\/\/bebalmy.com\/en\/wp-json\/wp\/v2\/posts"}],"about":[{"href":"https:\/\/bebalmy.com\/en\/wp-json\/wp\/v2\/types\/post"}],"author":[{"embeddable":true,"href":"https:\/\/bebalmy.com\/en\/wp-json\/wp\/v2\/users\/1"}],"replies":[{"embeddable":true,"href":"https:\/\/bebalmy.com\/en\/wp-json\/wp\/v2\/comments?post=6498"}],"version-history":[{"count":6,"href":"https:\/\/bebalmy.com\/en\/wp-json\/wp\/v2\/posts\/6498\/revisions"}],"predecessor-version":[{"id":12965,"href":"https:\/\/bebalmy.com\/en\/wp-json\/wp\/v2\/posts\/6498\/revisions\/12965"}],"wp:featuredmedia":[{"embeddable":true,"href":"https:\/\/bebalmy.com\/en\/wp-json\/wp\/v2\/media\/6503"}],"wp:attachment":[{"href":"https:\/\/bebalmy.com\/en\/wp-json\/wp\/v2\/media?parent=6498"}],"wp:term":[{"taxonomy":"category","embeddable":true,"href":"https:\/\/bebalmy.com\/en\/wp-json\/wp\/v2\/categories?post=6498"},{"taxonomy":"post_tag","embeddable":true,"href":"https:\/\/bebalmy.com\/en\/wp-json\/wp\/v2\/tags?post=6498"}],"curies":[{"name":"wp","href":"https:\/\/api.w.org\/{rel}","templated":true}]}}